[{"@context":"https:\/\/schema.org\/","@type":"Article","@id":"https:\/\/www.kurimai.cz\/bydlete-utulne\/#Article","mainEntityOfPage":"https:\/\/www.kurimai.cz\/bydlete-utulne\/","headline":"Bydlete \u00fatuln\u011b","name":"Bydlete \u00fatuln\u011b","description":"V\u011bt\u0161ina z\u00a0n\u00e1s se po n\u00e1ro\u010dn\u00e9m dni vrac\u00ed r\u00e1da dom\u016f. Doma se chceme c\u00edtit p\u0159\u00edjemn\u011b a \u00fatuln\u011b. Na\u0161t\u011bst\u00ed si bydlen\u00ed m\u016f\u017eeme vytvo\u0159it ka\u017ed\u00fd podle sv\u00fdch p\u0159edstav. I kdy\u017e nejsme \u00fapln\u011b movit\u00ed, m\u016f\u017eeme si bydlen\u00ed vylep\u0161it mali\u010dkostmi nebo zaj\u00edmav\u00fdmi kousky n\u00e1bytku, kter\u00fd si sami zrestaurujeme. Pokud p\u0159ilo\u017e\u00edme ruku k\u00a0d\u00edlu, bude n\u00e1s to t\u011b\u0161it dvojn\u00e1sobn\u011b. Dopl\u0148ky budeme vyb\u00edrat [&hellip;]","datePublished":"2025-03-03","dateModified":"2023-04-29","author":{"@type":"Person","@id":"https:\/\/www.kurimai.cz\/author\/#Person","name":"","url":"https:\/\/www.kurimai.cz\/author\/","identifier":1,"image":{"@type":"ImageObject","@id":"https:\/\/secure.gravatar.com\/avatar\/93f351f97d5e20a41105810347d62b8b573eebe9313df1f71432877ed17f5f1a?s=96&d=mm&r=g","url":"https:\/\/secure.gravatar.com\/avatar\/93f351f97d5e20a41105810347d62b8b573eebe9313df1f71432877ed17f5f1a?s=96&d=mm&r=g","height":96,"width":96}},"publisher":{"@type":"Organization","name":"kurimai.cz","logo":{"@type":"ImageObject","@id":"\/logo.png","url":"\/logo.png","width":600,"height":60}},"image":{"@type":"ImageObject","@id":"https:\/\/www.kurimai.cz\/wp-content\/uploads\/img_a319710_w2517_t1530732805.jpg","url":"https:\/\/www.kurimai.cz\/wp-content\/uploads\/img_a319710_w2517_t1530732805.jpg","height":0,"width":0},"url":"https:\/\/www.kurimai.cz\/bydlete-utulne\/","about":["Bydlen\u00ed"],"wordCount":433,"articleBody":"V\u011bt\u0161ina z\u00a0n\u00e1s se po n\u00e1ro\u010dn\u00e9m dni vrac\u00ed r\u00e1da dom\u016f. Doma se chceme c\u00edtit p\u0159\u00edjemn\u011b a \u00fatuln\u011b. Na\u0161t\u011bst\u00ed si bydlen\u00ed m\u016f\u017eeme vytvo\u0159it ka\u017ed\u00fd podle sv\u00fdch p\u0159edstav. I kdy\u017e nejsme \u00fapln\u011b movit\u00ed, m\u016f\u017eeme si bydlen\u00ed vylep\u0161it mali\u010dkostmi nebo zaj\u00edmav\u00fdmi kousky n\u00e1bytku, kter\u00fd si sami zrestaurujeme. Pokud p\u0159ilo\u017e\u00edme ruku k\u00a0d\u00edlu, bude n\u00e1s to t\u011b\u0161it dvojn\u00e1sobn\u011b.Dopl\u0148ky budeme vyb\u00edrat podle toho, jak\u00fd styl bydlen\u00ed n\u00e1m nejv\u00edce vyhovuje. N\u011bkdo se c\u00edt\u00ed dob\u0159e v\u00a0retro stylu, jin\u00fd d\u00e1 p\u0159ednost ryze modern\u00edmu prost\u0159ed\u00ed, n\u011bkdo t\u00edhne v\u00edce k\u00a0p\u0159\u00edrod\u011b, romantick\u00e9mu nebo elegantn\u00edmu stylu.D\u016fle\u017eit\u00e9 je, abyste se ve sv\u00e9m byt\u011b c\u00edtili dob\u0159e hlavn\u011b vy.Nemus\u00edte se nutn\u011b dr\u017eet pouze jednoho stylu. Jestli m\u00e1te cit pro esteti\u010dno, nemus\u00edte se ob\u00e1vat vhodn\u011b skloubit n\u011bkolik styl\u016f dohromady. Celek, ale nesm\u00ed p\u016fsobit chaoticky. P\u0159ihl\u00e9dn\u011bte tak\u00e9 k\u00a0tomu, jak\u00e9 m\u00e1te prostorov\u00e9 mo\u017enosti. Do mal\u00e9ho ob\u00fdv\u00e1ku si asi nepo\u0159\u00edd\u00edte ob\u0159\u00ed sedac\u00ed soupravu, ale v\u00fdb\u011br n\u00e1bytku p\u0159izp\u016fsob\u00edte velikosti za\u0159izovan\u00e9 m\u00edstnosti. Jestli nem\u016f\u017eete sehnat vyhovuj\u00edc\u00ed rozm\u011bry n\u00e1bytku, nechte si ho vyrobit na m\u00edru. Bude sice o n\u011bco dra\u017e\u0161\u00ed, ale budete m\u00edt jistotu, \u017ee plnohodnotn\u011b vyu\u017eijete ka\u017ed\u00e9 voln\u00e9 m\u00edsto.Nejd\u0159\u00edve si rozmyslete, v\u00a0jak\u00fdch barevn\u00fdch t\u00f3nech byste se c\u00edtili dob\u0159e. Barvy toti\u017e ovliv\u0148uj\u00ed na\u0161i psychiku. Sv\u011btl\u00e9 a pastelov\u00e9 barvy budou ur\u010dit\u011b pozitivn\u00ed. K\u00a0barevn\u00fdm st\u011bn\u00e1m vyberte vhodn\u00e9 z\u00e1v\u011bsy. Z\u00e1v\u011bsy dok\u00e1\u017e\u00ed atmosf\u00e9ru obydl\u00ed zp\u0159\u00edjemnit. S\u00a0barvou st\u011bn sla\u010fte tak\u00e9 koberce nebo tapety. P\u0159i v\u00fdb\u011bru spr\u00e1vn\u00e9ho osv\u011btlen\u00ed m\u016f\u017eete dojem \u00fatulnosti je\u0161t\u011b podpo\u0159it. Lampi\u010dka s\u00a0tlumen\u00fdm sv\u011btlem navod\u00ed p\u0159\u00edjemnou atmosf\u00e9ru a pro relaxaci bude jako stvo\u0159en\u00e1. Nad j\u00eddeln\u00edm stolem zase uv\u00edt\u00e1te v\u00fdrazn\u011bj\u0161\u00ed osv\u011btlen\u00ed, abyste na sebe se spolustolovn\u00edky dob\u0159e vid\u011bli.Drobn\u00e9 dopl\u0148ky jsou pro n\u011bkoho nezbytnost\u00ed. Spousta lid\u00ed je, ale pova\u017euje za zbyte\u010dn\u00e9 lapa\u010de prachu. Nemus\u00edte m\u00edt pln\u00e9 police zbyte\u010dnost\u00ed, ale t\u0159eba fotka v\u00a0r\u00e1me\u010dku um\u00edst\u011bn\u00e1 na vhodn\u00e9m m\u00edst\u011b k\u00a0interi\u00e9ru pat\u0159\u00ed.                                                                                                                                                                                                                                                                                                                                                                                        4.5\/5 - (11 votes)        "},{"@context":"https:\/\/schema.org\/","@type":"BreadcrumbList","itemListElement":[{"@type":"ListItem","position":1,"name":"Bydlete \u00fatuln\u011b","item":"https:\/\/www.kurimai.cz\/bydlete-utulne\/#breadcrumbitem"}]}]