[{"@context":"https:\/\/schema.org\/","@type":"Article","@id":"https:\/\/www.kurimai.cz\/i-vy-muzete-mit-krasne-kadere\/#Article","mainEntityOfPage":"https:\/\/www.kurimai.cz\/i-vy-muzete-mit-krasne-kadere\/","headline":"I vy m\u016f\u017eete m\u00edt kr\u00e1sn\u00e9 kade\u0159e","name":"I vy m\u016f\u017eete m\u00edt kr\u00e1sn\u00e9 kade\u0159e","description":"Tr\u00e1p\u00ed v\u00e1s, \u017ee nem\u00e1te kade\u0159e, jak\u00e9 byste cht\u011bla, a nev\u00edte, jak doc\u00edlit toho, abyste i vy m\u011bla bujnou h\u0159\u00edvu, kter\u00e1 bude va\u0161\u00ed chloubou? Prodlu\u017eov\u00e1n\u00ed vlas\u016f Praha je vhodnou metodou, jak z\u00edskat to, co chcete. P\u0159i na\u0161\u00ed pr\u00e1ci nepou\u017e\u00edv\u00e1me um\u011bl\u00e9 n\u00e1hra\u017eky, ale kade\u0159e prav\u00e9, p\u0159\u00edrodn\u00ed, bez chemick\u00e9ho barven\u00ed. Jejich kvalita je velmi vysok\u00e1. Evropsk\u00e9 kade\u0159e jsou [&hellip;]","datePublished":"2024-11-15","dateModified":"2024-11-15","author":{"@type":"Person","@id":"https:\/\/www.kurimai.cz\/author\/#Person","name":"","url":"https:\/\/www.kurimai.cz\/author\/","identifier":1,"image":{"@type":"ImageObject","@id":"https:\/\/secure.gravatar.com\/avatar\/93f351f97d5e20a41105810347d62b8b573eebe9313df1f71432877ed17f5f1a?s=96&d=mm&r=g","url":"https:\/\/secure.gravatar.com\/avatar\/93f351f97d5e20a41105810347d62b8b573eebe9313df1f71432877ed17f5f1a?s=96&d=mm&r=g","height":96,"width":96}},"publisher":{"@type":"Organization","name":"kurimai.cz","logo":{"@type":"ImageObject","@id":"\/logo.png","url":"\/logo.png","width":600,"height":60}},"url":"https:\/\/www.kurimai.cz\/i-vy-muzete-mit-krasne-kadere\/","wordCount":219,"articleBody":"Tr\u00e1p\u00ed v\u00e1s, \u017ee nem\u00e1te kade\u0159e, jak\u00e9 byste cht\u011bla, a nev\u00edte, jak doc\u00edlit toho, abyste i vy m\u011bla bujnou h\u0159\u00edvu, kter\u00e1 bude va\u0161\u00ed chloubou? Prodlu\u017eov\u00e1n\u00ed vlas\u016f Praha je vhodnou metodou, jak z\u00edskat to, co chcete. P\u0159i na\u0161\u00ed pr\u00e1ci nepou\u017e\u00edv\u00e1me um\u011bl\u00e9 n\u00e1hra\u017eky, ale kade\u0159e prav\u00e9, p\u0159\u00edrodn\u00ed, bez chemick\u00e9ho barven\u00ed. Jejich kvalita je velmi vysok\u00e1. Evropsk\u00e9 kade\u0159e jsou velmi \u017e\u00e1dan\u00e9, co\u017e se prom\u00edtne samoz\u0159ejm\u011b i v jejich cen\u011b. v t\u00e9to oblasti ale nen\u00ed dobr\u00e9 \u0161et\u0159it, proto\u017ee v\u00fdsledek by rozhodn\u011b neodpov\u00eddal tomu, co po\u017eadujete.Prohl\u00e9dn\u011bte si na\u0161i pr\u00e1ciV\u017edy je t\u0159eba zjistit, zda salon, kam se chcete vydat, pou\u017e\u00edv\u00e1 kvalitn\u00ed materi\u00e1ly, a zda s nimi person\u00e1l um\u00ed spr\u00e1vn\u011b zach\u00e1zet. U n\u00e1s m\u00e1te jistotu, \u017ee p\u0159ijdete s \u0159\u00eddk\u00fdmi pram\u00ednky, kter\u00e9 nebudou sahat ani po lopatky, a odejdete s h\u0159\u00edvou, kterou v\u00e1m bude ka\u017ed\u00e1 \u017eena v okol\u00ed z\u00e1vid\u011bt. Dop\u0159ejte si kvalitn\u00ed zm\u011bnu sv\u00e9ho vzhledu, a nav\u0161tivte n\u00e1\u0161 salon, kter\u00fd se specializuje na pr\u00e1ci s evropsk\u00fdmi kade\u0159emi. U n\u00e1s budete s v\u00fdsledkem spokojena.                                                                                                                                                                                                                                                                                                                                                                                        3.8\/5 - (5 votes)        "},{"@context":"https:\/\/schema.org\/","@type":"BreadcrumbList","itemListElement":[{"@type":"ListItem","position":1,"name":"I vy m\u016f\u017eete m\u00edt kr\u00e1sn\u00e9 kade\u0159e","item":"https:\/\/www.kurimai.cz\/i-vy-muzete-mit-krasne-kadere\/#breadcrumbitem"}]}]