[{"@context":"https:\/\/schema.org\/","@type":"Article","@id":"https:\/\/www.kurimai.cz\/jak-se-bude-vyvijet-popularita-facebooku\/#Article","mainEntityOfPage":"https:\/\/www.kurimai.cz\/jak-se-bude-vyvijet-popularita-facebooku\/","headline":"Jak se bude vyv\u00edjet popularita Facebooku","name":"Jak se bude vyv\u00edjet popularita Facebooku","description":"Zaj\u00edmav\u00e1 je konfrontace v\u00fdvoje Facebooku v\u00a0kontextu sou\u010dasn\u00e9 doby se stavem p\u0159ed osmi lety. Na po\u010d\u00e1tku druh\u00e9ho \u010dtvrtlet\u00ed roku 2018 \u010del\u00ed Mark Zuckerberg a jeho t\u00fdm mnoha v\u00fdtk\u00e1m ohledn\u011b zabezpe\u010den\u00ed dat, kter\u00e1 t\u00e9to slu\u017eb\u011b sv\u011b\u0159ily miliony lid\u00ed na cel\u00e9m sv\u011bt\u011b. Navazuj\u00ed na to i evropsk\u00e1 opat\u0159en\u00ed GDPR o ochran\u011b osobn\u00edch \u00fadaj\u016f. Informa\u010dn\u00edm \u00e9terem putuje v\u00edce af\u00e9r, [&hellip;]","datePublished":"2025-03-02","dateModified":"2023-04-29","author":{"@type":"Person","@id":"https:\/\/www.kurimai.cz\/author\/#Person","name":"","url":"https:\/\/www.kurimai.cz\/author\/","identifier":1,"image":{"@type":"ImageObject","@id":"https:\/\/secure.gravatar.com\/avatar\/93f351f97d5e20a41105810347d62b8b573eebe9313df1f71432877ed17f5f1a?s=96&d=mm&r=g","url":"https:\/\/secure.gravatar.com\/avatar\/93f351f97d5e20a41105810347d62b8b573eebe9313df1f71432877ed17f5f1a?s=96&d=mm&r=g","height":96,"width":96}},"publisher":{"@type":"Organization","name":"kurimai.cz","logo":{"@type":"ImageObject","@id":"\/logo.png","url":"\/logo.png","width":600,"height":60}},"image":{"@type":"ImageObject","@id":"https:\/\/www.kurimai.cz\/wp-content\/uploads\/img_a313934_w2517_t1524684865.jpg","url":"https:\/\/www.kurimai.cz\/wp-content\/uploads\/img_a313934_w2517_t1524684865.jpg","height":0,"width":0},"url":"https:\/\/www.kurimai.cz\/jak-se-bude-vyvijet-popularita-facebooku\/","about":["Web"],"wordCount":471,"articleBody":"Zaj\u00edmav\u00e1 je konfrontace v\u00fdvoje Facebooku v\u00a0kontextu sou\u010dasn\u00e9 doby se stavem p\u0159ed osmi lety. Na po\u010d\u00e1tku druh\u00e9ho \u010dtvrtlet\u00ed roku 2018 \u010del\u00ed Mark Zuckerberg a jeho t\u00fdm mnoha v\u00fdtk\u00e1m ohledn\u011b zabezpe\u010den\u00ed dat, kter\u00e1 t\u00e9to slu\u017eb\u011b sv\u011b\u0159ily miliony lid\u00ed na cel\u00e9m sv\u011bt\u011b. Navazuj\u00ed na to i evropsk\u00e1 opat\u0159en\u00ed GDPR o ochran\u011b osobn\u00edch \u00fadaj\u016f. Informa\u010dn\u00edm \u00e9terem putuje v\u00edce af\u00e9r, nap\u0159. zneu\u017eit\u00ed dat agenturou Cambridge Analytica, ohro\u017eeny mohou b\u00fdt teoreticky v\u0161echny u\u017eivatelsk\u00e9 \u00fa\u010dty, a t\u011bch je v\u00a0t\u00e9to s\u00edti v\u00edce ne\u017e dv\u011b miliardy. Jak\u00fdm zp\u016fsobem to ohroz\u00ed popularitu t\u00e9to s\u00ed\u0165ov\u00e9 slu\u017eby, zat\u00edm nen\u00ed jasn\u00e9, firma v\u0161ak bude muset prov\u00e9st \u0159adu opat\u0159en\u00ed, aby dodr\u017eela status bezpe\u010dn\u00e9ho produktu.Z\u00e1le\u017e\u00ed to ov\u0161em nejv\u00edce na postoji samotn\u00fdch klient\u016f a p\u0159edev\u0161\u00edm mlad\u00fdch lid\u00ed, kte\u0159\u00ed pr\u00e1v\u011b zde, na Twitteru, a v\u00a0jin\u00fdch m\u00e9di\u00edch tr\u00e1v\u00ed spoustu \u010dasu. Jist\u00e9 v\u0161ak je, \u017ee ani samotn\u00fd Facebook nem\u00e1 svou existenci jistou. Mohou se objevit i jin\u00e9 s\u00edt\u011b, kter\u00e9 si z\u00edskaj\u00ed v\u011bt\u0161\u00ed oblibu, m\u016f\u017ee vzniknout i jin\u00e9 technologicky zaj\u00edmav\u011bj\u0161\u00ed z\u00e1zem\u00ed sd\u00edlen\u00ed koment\u00e1\u0159\u016f a osobn\u00edch dat. O tom, \u017ee ve sf\u00e9\u0159e techniky nen\u00ed jist\u00e9ho zhola nic, se p\u0159esv\u011bd\u010dili nap\u0159. tv\u016frci a u\u017eivatel\u00e9 analogov\u00fdch fotoapar\u00e1t\u016f, kdy\u017e je za\u010daly vytla\u010dovat z\u00a0trhu digit\u00e1ln\u00ed p\u0159\u00edstroje.\tP\u0159ed osmi lety a dnesKa\u017edop\u00e1dn\u011b konfrontace ve srovn\u00e1n\u00ed se stavem p\u0159ed osmi lety je zaj\u00edmav\u00e1 pr\u00e1v\u011b u Facebooku. V\u00a0roce 2010 toti\u017e prob\u011bhla v\u00a0Praze na \u017dof\u00edn\u011b konference Forum Media 2010, jej\u00edm\u017e podtextem bylo tvrzen\u00ed \u201ekdo na t\u00e9to soci\u00e1ln\u00ed s\u00edti nen\u00ed, jako by nebyl\u201c. C\u00edlem tohoto f\u00f3ra bylo mimo jin\u00e9 upozornit podnikatelsk\u00fd sv\u011bt, \u017ee by nem\u011bl zapom\u00ednat na svou prezentaci v\u00a0soci\u00e1ln\u00edch m\u00e9di\u00edch. V\u011bt\u0161ina firem toti\u017e dnes c\u00edl\u00ed na mladou generaci a ta se pohybuje p\u0159edev\u0161\u00edm ve virtu\u00e1ln\u00edm sv\u011bt\u011b soci\u00e1ln\u00edho prost\u0159ed\u00ed. Nesta\u010d\u00ed tedy jen vytvo\u0159it webov\u00e9 str\u00e1nky, mus\u00edte b\u00fdt p\u0159ipraveni m\u00edt \u00fa\u010det na Facebooku a v\u00e9st se sv\u00fdmi fanou\u0161ky pat\u0159i\u010dn\u00fd dialog. Jak podotkl \u0161\u00e9f strategick\u00e9ho pl\u00e1nov\u00e1n\u00ed t\u00e9to soci\u00e1ln\u00ed s\u00edt\u011b Trevor Johnson, nen\u00ed dosta\u010duj\u00edc\u00ed pouze sv\u00e9 v\u00fdrobky a slu\u017eby na soci\u00e1ln\u00edch s\u00edt\u00edch prezentovat, toto prost\u0159ed\u00ed nen\u00ed statick\u00e9, lid\u00e9 tu mohou kl\u00e1st spoustu ot\u00e1zek, v\u00fdrobky srovn\u00e1vat s\u00a0konkurenc\u00ed, a nen\u00ed tedy \u017e\u00e1douc\u00ed n\u011bco takov\u00e9ho podcenit.                                                                                                                                                                                                                                                                                                                                                                                        4.4\/5 - (11 votes)        "},{"@context":"https:\/\/schema.org\/","@type":"BreadcrumbList","itemListElement":[{"@type":"ListItem","position":1,"name":"Jak se bude vyv\u00edjet popularita Facebooku","item":"https:\/\/www.kurimai.cz\/jak-se-bude-vyvijet-popularita-facebooku\/#breadcrumbitem"}]}]