[{"@context":"https:\/\/schema.org\/","@type":"Article","@id":"https:\/\/www.kurimai.cz\/modry-mesic-co-to-je\/#Article","mainEntityOfPage":"https:\/\/www.kurimai.cz\/modry-mesic-co-to-je\/","headline":"Modr\u00fd M\u011bs\u00edc \u2013 co to je?","name":"Modr\u00fd M\u011bs\u00edc \u2013 co to je?","description":"Pro ty, kte\u0159\u00ed cht\u011bli vid\u011bt modr\u00fd m\u011bs\u00edc, budou zklaman\u00ed, ale term\u00edn ,,Modr\u00fd m\u011bs\u00edc\u2018\u2018 nem\u00e1 nic spole\u010dn\u00e9ho s barvou. M\u00edsto toho odkazuje na vzhled dal\u0161\u00edho \u00fapl\u0148ku v dan\u00e9m \u010dasov\u00e9m obdob\u00ed. Podle nejobl\u00edben\u011bj\u0161\u00ed definice je modr\u00fd m\u011bs\u00edc druh\u00fdm \u00fapl\u0148kem v kalend\u00e1\u0159n\u00edm m\u011bs\u00edci. P\u0159ezd\u00edvku Modr\u00fd M\u011bs\u00edc si zaslou\u017eil t\u00edm, \u017ee jak ob\u00edh\u00e1 na\u0161\u00ed Zemi, dost\u00e1v\u00e1 ur\u010dit\u00e9 mno\u017estv\u00ed sv\u011btla [&hellip;]","datePublished":"2025-03-06","dateModified":"2023-04-29","author":{"@type":"Person","@id":"https:\/\/www.kurimai.cz\/author\/#Person","name":"","url":"https:\/\/www.kurimai.cz\/author\/","identifier":1,"image":{"@type":"ImageObject","@id":"https:\/\/secure.gravatar.com\/avatar\/93f351f97d5e20a41105810347d62b8b573eebe9313df1f71432877ed17f5f1a?s=96&d=mm&r=g","url":"https:\/\/secure.gravatar.com\/avatar\/93f351f97d5e20a41105810347d62b8b573eebe9313df1f71432877ed17f5f1a?s=96&d=mm&r=g","height":96,"width":96}},"publisher":{"@type":"Organization","name":"kurimai.cz","logo":{"@type":"ImageObject","@id":"\/logo.png","url":"\/logo.png","width":600,"height":60}},"image":{"@type":"ImageObject","@id":"https:\/\/www.kurimai.cz\/wp-content\/uploads\/img_a314730_w2531_t1525769051.jpg","url":"https:\/\/www.kurimai.cz\/wp-content\/uploads\/img_a314730_w2531_t1525769051.jpg","height":0,"width":0},"url":"https:\/\/www.kurimai.cz\/modry-mesic-co-to-je\/","wordCount":459,"articleBody":"Pro ty, kte\u0159\u00ed cht\u011bli vid\u011bt modr\u00fd m\u011bs\u00edc, budou zklaman\u00ed, ale term\u00edn ,,Modr\u00fd m\u011bs\u00edc\u2018\u2018 nem\u00e1 nic spole\u010dn\u00e9ho s barvou. M\u00edsto toho odkazuje na vzhled dal\u0161\u00edho \u00fapl\u0148ku v dan\u00e9m \u010dasov\u00e9m obdob\u00ed. Podle nejobl\u00edben\u011bj\u0161\u00ed definice je modr\u00fd m\u011bs\u00edc druh\u00fdm \u00fapl\u0148kem v kalend\u00e1\u0159n\u00edm m\u011bs\u00edci.P\u0159ezd\u00edvku Modr\u00fd M\u011bs\u00edc si zaslou\u017eil t\u00edm, \u017ee jak ob\u00edh\u00e1 na\u0161\u00ed Zemi, dost\u00e1v\u00e1 ur\u010dit\u00e9 mno\u017estv\u00ed sv\u011btla od Slunce, kter\u00e9 m\u016f\u017ee za jeho sv\u00edtivost\u00a0 jasnost, a samotn\u00fd m\u011bn\u00ed sv\u00e9 f\u00e1ze. Geometrie polohy Slunce, Zem\u011b, M\u011bs\u00edce je ka\u017ed\u00fdch 29,5 dn\u00ed stejn\u00e1.Jin\u00fdmi slovy, mezi jedn\u00edm \u00fapl\u0148kem a dal\u0161\u00edm \u00fapl\u0148kem je 29,5 dne. Tak\u017ee je neobvykl\u00e9 m\u00edt dva m\u011bs\u00edce pln\u00e9 v jednom kalend\u00e1\u0159n\u00edm m\u011bs\u00edci. Tak\u00e9 \u00fanor, kter\u00fd m\u00e1 jen 28 nebo 29 dn\u00ed (b\u011bhem p\u0159estupn\u00fdch let), nikdy nebude m\u00edt Modr\u00fd M\u011bs\u00edc. P\u0159\u00ed\u0161t\u00ed Modr\u00fd M\u011bs\u00edc nestane do 31. \u0159\u00edjna 2020.V\u011bt\u0161ina Modr\u00fdch M\u011bs\u00edc\u016f vypad\u00e1 sv\u011btle \u0161ed\u00e1 a\u017e b\u00edl\u00e1, nerozli\u0161iteln\u00e1 od kter\u00e9koli jin\u00e9 vlastn\u00ed f\u00e1ze M\u011bs\u00edce, kter\u00fd jste kdy vid\u011bli. Stla\u010den\u00ed dvou \u00fapl\u0148k\u016f do jedin\u00e9ho kalend\u00e1\u0159n\u00edho m\u011bs\u00edce nem\u011bn\u00ed fyzick\u00e9 vlastnosti samotn\u00e9ho m\u011bs\u00edce, tak\u017ee barva z\u016fst\u00e1v\u00e1 stejn\u00e1.Jsou v\u0161ak p\u0159\u00edpady, kdy se skute\u010dn\u011b m\u016f\u017ee zd\u00e1t, \u017ee je m\u011bs\u00edc namodral\u00fd, ale to m\u00e1 p\u0159\u00ed\u010dinu v atmosferick\u00fdch podm\u00ednk\u00e1ch a ne kalend\u00e1\u0159n\u00edm m\u011bs\u00edcem. Slavn\u00fd p\u0159\u00edklad nastala v roce 1883 pot\u00e9, co vypukla sopka Krakatoa. M\u011bs\u00edc se jevil modr\u00fd kv\u016fli ve\u0161ker\u00e9mu prachu, kter\u00fd sopka vzn\u00e1\u0161ela do vzduchu. NASA \u0159\u00edk\u00e1, \u017ee tato konkr\u00e9tn\u00ed ud\u00e1lost pravd\u011bpodobn\u011b vytvo\u0159ila fr\u00e1zi ,,Modr\u00fd M\u011bs\u00edc\u2018\u2018, ale sopky nejsou jedin\u00fdm d\u016fvodem, pro\u010d m\u011bs\u00edc m\u016f\u017ee vypadat mod\u0159e. Prachov\u00e9 bou\u0159e nebo lesn\u00ed po\u017e\u00e1ry mohou tak\u00e9 tento efekt vyvolat.Mimochodem, existuje star\u0161\u00ed definice Modr\u00e9ho M\u011bs\u00edce, kter\u00e1 se t\u00fdk\u00e1 dal\u0161\u00edho \u00fapl\u0148ku, kter\u00fd se vyskytuje v jedn\u00e9 sez\u00f3n\u011b. Modr\u00fd M\u011bs\u00edc byl t\u0159et\u00edm \u00fapl\u0148kem b\u011bhem jedin\u00e9 sez\u00f3ny, kter\u00e1 m\u011bla \u010dty\u0159i pln\u00e9 m\u011bs\u00edce. K tomu doch\u00e1z\u00ed, kdy\u017e m\u00e1 ur\u010dit\u00fd rok 13 \u00fapl\u0148k\u016f m\u00edsto obvykl\u00fdch dvan\u00e1cti. A\u010dkoli nen\u00ed Modr\u00fd M\u011bs\u00edc takovou raritou jako \u00fapln\u00e9 zatm\u011bn\u00ed Slunce, i p\u0159es to je to jev ok\u00e1zal\u00fd a stoj\u00ed za to se na n\u011bj pod\u00edvat.                                                                                                                                                                                                                                                                                                                                                                                        3.6\/5 - (9 votes)        "},{"@context":"https:\/\/schema.org\/","@type":"BreadcrumbList","itemListElement":[{"@type":"ListItem","position":1,"name":"Modr\u00fd M\u011bs\u00edc \u2013 co to je?","item":"https:\/\/www.kurimai.cz\/modry-mesic-co-to-je\/#breadcrumbitem"}]}]