[{"@context":"https:\/\/schema.org\/","@type":"Article","@id":"https:\/\/www.kurimai.cz\/neni-nad-strechu-nad-hlavou\/#Article","mainEntityOfPage":"https:\/\/www.kurimai.cz\/neni-nad-strechu-nad-hlavou\/","headline":"Nen\u00ed nad st\u0159echu nad hlavou","name":"Nen\u00ed nad st\u0159echu nad hlavou","description":"Nen\u00ed mezi n\u00e1mi nejsp\u00ed\u0161e nikoho soudn\u00e9ho, kdo by z\u00e1vid\u011bl bezdomovc\u016fm jejich \u00fad\u011bl. Proto\u017ee jist\u011b, je z\u00e1vid\u011bn\u00edhodn\u00e9 to, \u017ee tito nemus\u00ed \u010dasn\u011b r\u00e1no vst\u00e1vat nebo b\u00fdt naopak dlouho do noci na nohou kv\u016fli po\u010d\u00edn\u00e1n\u00ed zvan\u00e9mu pr\u00e1ce, lze jim z\u00e1vid\u011bt, \u017ee si mohou j\u00edt kam cht\u011bj\u00ed a kdy cht\u011bj\u00ed a nikdo jim p\u0159itom ne\u0159\u00edk\u00e1, \u017ee by tohle [&hellip;]","datePublished":"2025-03-06","dateModified":"2023-04-29","author":{"@type":"Person","@id":"https:\/\/www.kurimai.cz\/author\/#Person","name":"","url":"https:\/\/www.kurimai.cz\/author\/","identifier":1,"image":{"@type":"ImageObject","@id":"https:\/\/secure.gravatar.com\/avatar\/93f351f97d5e20a41105810347d62b8b573eebe9313df1f71432877ed17f5f1a?s=96&d=mm&r=g","url":"https:\/\/secure.gravatar.com\/avatar\/93f351f97d5e20a41105810347d62b8b573eebe9313df1f71432877ed17f5f1a?s=96&d=mm&r=g","height":96,"width":96}},"publisher":{"@type":"Organization","name":"kurimai.cz","logo":{"@type":"ImageObject","@id":"\/logo.png","url":"\/logo.png","width":600,"height":60}},"image":{"@type":"ImageObject","@id":"https:\/\/www.kurimai.cz\/wp-content\/uploads\/img_a331882_w2517_t1544363282.jpg","url":"https:\/\/www.kurimai.cz\/wp-content\/uploads\/img_a331882_w2517_t1544363282.jpg","height":0,"width":0},"url":"https:\/\/www.kurimai.cz\/neni-nad-strechu-nad-hlavou\/","about":["Bydlen\u00ed"],"wordCount":613,"articleBody":"Nen\u00ed mezi n\u00e1mi nejsp\u00ed\u0161e nikoho soudn\u00e9ho, kdo by z\u00e1vid\u011bl bezdomovc\u016fm jejich \u00fad\u011bl. Proto\u017ee jist\u011b, je z\u00e1vid\u011bn\u00edhodn\u00e9 to, \u017ee tito nemus\u00ed \u010dasn\u011b r\u00e1no vst\u00e1vat nebo b\u00fdt naopak dlouho do noci na nohou kv\u016fli po\u010d\u00edn\u00e1n\u00ed zvan\u00e9mu pr\u00e1ce, lze jim z\u00e1vid\u011bt, \u017ee si mohou j\u00edt kam cht\u011bj\u00ed a kdy cht\u011bj\u00ed a nikdo jim p\u0159itom ne\u0159\u00edk\u00e1, \u017ee by tohle m\u011bli a tamto pro zm\u011bnu nem\u011bli.Jen\u017ee t\u00edm asi ve\u0161ker\u00e9 klady bezdomovectv\u00ed kon\u010d\u00ed. A vlastn\u011b ani pr\u00e1v\u011b zm\u00edn\u011bn\u00e9 p\u0159ednosti bezprizornosti nejsou zase a\u017e takov\u00e9 skv\u011bl\u00e9, jak by se mohly na prvn\u00ed pohled zd\u00e1t. Proto\u017ee bezdomovec m\u016f\u017ee sp\u00e1t, jak dlouho chce, jen\u017ee co je to za span\u00ed, \u017ee? Na zemi nebo na tvrd\u00e9 lavi\u010dce, za de\u0161t\u011b, sn\u011b\u017een\u00ed, mrazu,\u2026 To m\u00e1 do spokojen\u00e9ho sn\u011bn\u00ed na hony daleko. Bezdomovec nemus\u00ed pracovat, ale pak nem\u00e1 ani pen\u00edze, bez nich\u017e je \u017eivot nez\u00e1vid\u011bn\u00edhodn\u00fd, a m\u016f\u017ee sice j\u00edt, kam se mu jenom zl\u00edb\u00ed, jen\u017ee je pravdou, \u017ee ho z\u00a0ka\u017ed\u00e9ho v\u00edcem\u00e9n\u011b solidn\u00edho objektu d\u0159\u00edve \u010di pozd\u011bji vy\u017eenou. A snad jedin\u011b v\u00a0n\u011bjak\u00e9m \u00fatulku nebo charitativn\u00ed v\u00fdva\u0159ovn\u011b takov\u00e9ho \u010dlov\u011bka uv\u00edtaj\u00ed.N\u011bkte\u0159\u00ed z\u00a0bezdomovc\u016f sp\u00ed tam, jin\u00ed onde, n\u011bkte\u0159\u00ed maj\u00ed alespo\u0148 do\u010dasn\u011b kousek m\u00edsta ve stroh\u00e9m\u00a0\u00fatulku, jin\u00ed ani to ne. A co je to za \u201ebydlen\u00ed\u201c, \u017ee?Zkr\u00e1tka bezdomovc\u016fm z\u00e1vid\u011bt nelze. A kdo je aspo\u0148 trochu soudn\u00fd, nez\u00e1vid\u00ed jim. A rad\u011bji u\u010din\u00ed v\u0161e pro to, aby s\u00e1m m\u011bl kde hlavu slo\u017eit.Net\u0159eba popisovat, jak v\u011bt\u0161ina na\u0161inc\u016f \u017eije. V\u0161ichni to p\u0159ece dob\u0159e zn\u00e1me, m\u016f\u017eeme to na vlastn\u00ed o\u010di pozorovat dnes a denn\u011b. N\u011bkdo bydl\u00ed ve vlastn\u00edm dom\u011b, n\u011bkdo v\u00a0panel\u00e1ku pat\u0159\u00edc\u00edm bytov\u00e9mu dru\u017estvu nebo dru\u017estvu vlastn\u00edk\u016f. N\u011bkdo m\u00e1 sv\u016fj objekt, v\u00a0n\u011bm\u017e je doma, zateplen\u00fd, n\u011bkdo ne, n\u011bkter\u00fd d\u016fm je novotou z\u00e1\u0159\u00edc\u00ed objekt a jin\u00fd sta\u0159i\u010dk\u00e1 pozvolna se rozpadaj\u00edc\u00ed ruina, do n\u00ed\u017e u\u017e d\u00e1vno nikdo neinvestoval ani trochu pr\u00e1ce ani p\u00e1r korun. N\u011bkdo bydl\u00ed v\u00a0luxusu, n\u011bkdo ve skromn\u00e9m dostatku, n\u011bkdo jak\u017e tak\u017e, n\u011bkdo s\u00e1m a n\u011bkdo s\u00a0tu takov\u00fdm a tu onak\u00fdm po\u010dtem spolubydl\u00edc\u00edch. Ale v\u0161ichni my \u201eslu\u0161n\u00ed lid\u00e9\u201c bydl\u00edme. Proto\u017ee je to p\u0159\u00edjemn\u011bj\u0161\u00ed, ne\u017e skon\u010dit na ulici, a je to tak\u00e9 pova\u017eov\u00e1no za spr\u00e1vn\u00e9. Proto\u017ee bydlet se u n\u00e1s m\u00e1.Bydlen\u00ed je prost\u011b z\u00e1klad, na n\u011bm\u017e tu v\u0161e stoj\u00ed. Kdo nebydl\u00ed, nem\u00e1 adresu, kdo nem\u00e1 adresu a tud\u00ed\u017e t\u0159eba ani mo\u017enost se po\u0159\u00e1dn\u011b um\u00fdt a vyprat si, jen t\u011b\u017eko se\u017eene pr\u00e1ci, kdo nem\u00e1 pr\u00e1ci, nem\u00e1 pen\u00edze, kdo nem\u00e1 pen\u00edze, nem\u016f\u017ee si zaplatit ani j\u00eddlo, ani to zpropaden\u00e9 bydlen\u00ed, bez kter\u00e9ho\u2026 U\u010din\u011bn\u00fd za\u010darovan\u00fd kruh.A proto si p\u0159ejme, abychom se jednoho kr\u00e1sn\u00e9ho dne v\u0161ichni aspo\u0148 n\u011bjak\u00e9ho toho bydlen\u00ed do\u010dkali. Aspo\u0148 t\u00e9 nejjednodu\u0161\u0161\u00ed a nejskromn\u011bj\u0161\u00ed st\u0159echy nad hlavou. Proto\u017ee nen\u00ed pr\u00e1v\u011b \u0161\u0165astn\u00fdm \u0159e\u0161en\u00edm, m\u00e1-li \u010dlov\u011bk adresu jenom n\u011bkde na radnici. P\u0159\u00edpadn\u011b ani tam ne.                                                                                                                                                                                                                                                                                                                                                                                        4.1\/5 - (13 votes)        "},{"@context":"https:\/\/schema.org\/","@type":"BreadcrumbList","itemListElement":[{"@type":"ListItem","position":1,"name":"Nen\u00ed nad st\u0159echu nad hlavou","item":"https:\/\/www.kurimai.cz\/neni-nad-strechu-nad-hlavou\/#breadcrumbitem"}]}]