[{"@context":"https:\/\/schema.org\/","@type":"Article","@id":"https:\/\/www.kurimai.cz\/obleceni-pro-deti-na-co-se-zamerit\/#Article","mainEntityOfPage":"https:\/\/www.kurimai.cz\/obleceni-pro-deti-na-co-se-zamerit\/","headline":"Oble\u010den\u00ed pro d\u011bti \u2013 na co se zam\u011b\u0159it?","name":"Oble\u010den\u00ed pro d\u011bti \u2013 na co se zam\u011b\u0159it?","description":"O tom, \u017ee je v sou\u010dasnosti d\u011btsk\u00e9 oble\u010den\u00ed pom\u011brn\u011b n\u00e1ro\u010dnou finan\u010dn\u00ed polo\u017ekou, v\u00ed ka\u017ed\u00fd rodi\u010d sv\u00e9. Bohu\u017eel se tak nezbytn\u00e1 sou\u010d\u00e1st jejich d\u011btstv\u00ed stala i byznysem, se kter\u00fdm mus\u00ed v\u0161ichni rodi\u010de po\u010d\u00edtat. Nen\u00ed v\u00fdjimkou, \u017ee dnes nalezete d\u011btsk\u00fd sortiment oble\u010den\u00ed \u2013 v dra\u017e\u0161\u00ed \u010d\u00e1stce ne\u017e to dosp\u011bl\u00e9. Proto se nab\u00edz\u00ed ot\u00e1zka, jestli je pot\u0159eba kupovat [&hellip;]","datePublished":"2025-03-04","dateModified":"2023-04-29","author":{"@type":"Person","@id":"https:\/\/www.kurimai.cz\/author\/#Person","name":"","url":"https:\/\/www.kurimai.cz\/author\/","identifier":1,"image":{"@type":"ImageObject","@id":"https:\/\/secure.gravatar.com\/avatar\/93f351f97d5e20a41105810347d62b8b573eebe9313df1f71432877ed17f5f1a?s=96&d=mm&r=g","url":"https:\/\/secure.gravatar.com\/avatar\/93f351f97d5e20a41105810347d62b8b573eebe9313df1f71432877ed17f5f1a?s=96&d=mm&r=g","height":96,"width":96}},"publisher":{"@type":"Organization","name":"kurimai.cz","logo":{"@type":"ImageObject","@id":"\/logo.png","url":"\/logo.png","width":600,"height":60}},"image":{"@type":"ImageObject","@id":"https:\/\/www.kurimai.cz\/wp-content\/uploads\/img_a342685_w2517_t1555933107.jpg","url":"https:\/\/www.kurimai.cz\/wp-content\/uploads\/img_a342685_w2517_t1555933107.jpg","height":0,"width":0},"url":"https:\/\/www.kurimai.cz\/obleceni-pro-deti-na-co-se-zamerit\/","about":["M\u00f3da"],"wordCount":466,"articleBody":"O tom, \u017ee je v sou\u010dasnosti d\u011btsk\u00e9 oble\u010den\u00ed pom\u011brn\u011b n\u00e1ro\u010dnou finan\u010dn\u00ed polo\u017ekou, v\u00ed ka\u017ed\u00fd rodi\u010d sv\u00e9. Bohu\u017eel se tak nezbytn\u00e1 sou\u010d\u00e1st jejich d\u011btstv\u00ed stala i byznysem, se kter\u00fdm mus\u00ed v\u0161ichni rodi\u010de po\u010d\u00edtat. Nen\u00ed v\u00fdjimkou, \u017ee dnes nalezete d\u011btsk\u00fd sortiment oble\u010den\u00ed \u2013 v dra\u017e\u0161\u00ed \u010d\u00e1stce ne\u017e to dosp\u011bl\u00e9.Proto se nab\u00edz\u00ed ot\u00e1zka, jestli je pot\u0159eba kupovat d\u011btem u\u017e od \u00fatl\u00e9ho v\u011bku pouze zna\u010dkov\u00e9, kter\u00e9 se \u0159ad\u00ed mezi kvalitn\u00ed nebo jim zpo\u010d\u00e1tku dop\u0159\u00e1t i oble\u010den\u00ed, kter\u00e9 bude jednor\u00e1zov\u00e9ho charakteru.\tZna\u010dku d\u011bti ocen\u00ed hlavn\u011b kv\u016fli vrstevn\u00edk\u016fmD\u011bti p\u0159\u00edli\u0161 nerozli\u0161uj\u00ed to, jestli je jejich oble\u010den\u00ed, kter\u00e9 jim zakoup\u00edte p\u0159\u00edli\u0161 kvalitn\u00ed nebo ne. Zaj\u00edmaj\u00ed se o zna\u010dku p\u0159edev\u0161\u00edm kv\u016fli tomu, \u017ee kolem sebe maj\u00ed dal\u0161\u00ed vrstevn\u00edky, kte\u0159\u00ed ji nos\u00ed a pochopiteln\u011b si n\u00ed i chlub\u00ed. Pokud je v\u0161ak oble\u010den\u00ed p\u0159\u00edjemn\u00e9 a p\u0159edev\u0161\u00edm bavln\u011bn\u00e9, \u017e\u00e1dn\u00fd zn\u00e1m\u00fd n\u00e1pis by v\u00e1s nem\u011bl p\u0159esv\u011bd\u010dovat o tom, \u017ee za nic nestoj\u00ed.\u2794\u00a0\u00a0 I tri\u010dka, mikiny, kalhoty nebo \u0161aty bez potisku a ozna\u010den\u00ed, m\u016f\u017eete sehnat za p\u0159ijatelnou cenu, kter\u00e1 bude srovnateln\u00e1 s kvalitou tolik op\u011bvovan\u00fdch a nejvyhl\u00e1\u0161en\u011bj\u0161\u00edch v\u00fdrobc\u016f oble\u010den\u00ed.Pokud jim u\u017e vyb\u00edr\u00e1te oble\u010den\u00ed do \u0161koly nebo na spole\u010denskou ud\u00e1lost, m\u016f\u017eete si s\u00e1hnout hluboko do kapsy a vybrat jim i kousky, kter\u00e9 ocen\u00ed a budou cht\u00edt nosit, ov\u0161em v p\u0159\u00edpad\u011b, \u017ee budou m\u00edt voln\u00fd \u010das, p\u0159i kter\u00e9m se rozhodn\u011b nebudou ohl\u00ed\u017eet na to, co maj\u00ed na sob\u011b, nesna\u017ete se jim dop\u0159\u00e1t v\u017edy to nejdra\u017e\u0161\u00ed.D\u011bti se v\u017edy za\u0161pin\u00ed, od\u0159ou nebo si n\u011bco roztrhaj\u00ed p\u0159i jejich \u0159\u00e1d\u011bn\u00ed a byla by \u0161koda utr\u00e1cet nemal\u00e9 pen\u00edze za oble\u010den\u00ed, kter\u00e9 brzy zni\u010d\u00ed.\tNa ven, na zahradu a do lesaNa takov\u00e1 m\u00edsta byste jim m\u011bli po\u0159\u00eddit dostatek oble\u010den\u00ed, kter\u00e9 se bude \u0159adit mezi to \u201ejednor\u00e1zov\u00e9\u201c a nebude v\u00e1m a ani d\u011btem l\u00edto, kdy\u017e ho brzy znehodnot\u00ed. Je p\u0159ece skv\u011bl\u00e9 d\u00edvat se na d\u011bti, kter\u00e9 jsou spokojen\u00e9 d\u00edky h\u0159e a prostoru, ve kter\u00e9m se nach\u00e1z\u00ed a rovn\u011b\u017e se nemus\u00ed ohl\u00ed\u017eet na to, jestli neupadnou nebo si tepl\u00e1ky a tri\u010dko neza\u0161pin\u00ed.Prioritou by pro nich m\u011blo b\u00fdt pohodl\u00ed a pro v\u00e1s jistota, \u017ee existuje \u0159ada kvalitn\u00edho a levn\u00e9ho oble\u010den\u00ed, kter\u00e9 je pro pobyt venku jako stvo\u0159en\u00e9.                                                                                                                                                                                                                                                                                                                                                                                        4.9\/5 - (9 votes)        "},{"@context":"https:\/\/schema.org\/","@type":"BreadcrumbList","itemListElement":[{"@type":"ListItem","position":1,"name":"Oble\u010den\u00ed pro d\u011bti \u2013 na co se zam\u011b\u0159it?","item":"https:\/\/www.kurimai.cz\/obleceni-pro-deti-na-co-se-zamerit\/#breadcrumbitem"}]}]