[{"@context":"https:\/\/schema.org\/","@type":"Blog","@id":"https:\/\/www.kurimai.cz#Blog","headline":"Kurimai","description":"\nTakov\u00fd v\u00fdpadek proudu m\u016f\u017ee b\u00fdt i v\u00edce ne\u017e nep\u0159\u00edjemnou situac\u00ed. Ov\u0161em tak\u00e9 nemus\u00ed. My v\u00e1m r\u00e1di porad\u00edme, jak u\u010dinit, aby se v\u00e1s to ani nedotklo.","url":"https:\/\/www.kurimai.cz","hasPart":[{"@type":"Article","@id":"https:\/\/www.kurimai.cz\/cenove-dostupne-domy\/","headline":"Cenov\u011b dostupn\u00e9 domy","url":"https:\/\/www.kurimai.cz\/cenove-dostupne-domy\/","datePublished":"2025-06-05","dateModified":"2025-06-05","mainEntityOfPage":"https:\/\/www.kurimai.cz\/cenove-dostupne-domy\/","author":{"@type":"Person","@id":"https:\/\/www.kurimai.cz\/author\/#Person","name":"","url":"https:\/\/www.kurimai.cz\/author\/","identifier":1,"image":{"@type":"ImageObject","@id":"https:\/\/secure.gravatar.com\/avatar\/93f351f97d5e20a41105810347d62b8b573eebe9313df1f71432877ed17f5f1a?s=96&d=mm&r=g","url":"https:\/\/secure.gravatar.com\/avatar\/93f351f97d5e20a41105810347d62b8b573eebe9313df1f71432877ed17f5f1a?s=96&d=mm&r=g","height":96,"width":96}},"publisher":{"@type":"Organization","name":"kurimai.cz","logo":{"@type":"ImageObject","@id":"\/logo.png","url":"\/logo.png","width":600,"height":60}},"image":{"@type":"ImageObject","@id":"https:\/\/www.kurimai.cz\/wp-content\/uploads\/planning-gd8e6d4d30_640_10_10_10_10_10_10.jpg","url":"https:\/\/www.kurimai.cz\/wp-content\/uploads\/planning-gd8e6d4d30_640_10_10_10_10_10_10.jpg","height":0,"width":0},"wordCount":539,"keywords":null},{"@type":"Article","@id":"https:\/\/www.kurimai.cz\/jak-mysli-bohati\/","headline":"Jak mysl\u00ed bohat\u00ed","url":"https:\/\/www.kurimai.cz\/jak-mysli-bohati\/","datePublished":"2025-05-14","dateModified":"2025-05-14","mainEntityOfPage":"https:\/\/www.kurimai.cz\/jak-mysli-bohati\/","author":{"@type":"Person","@id":"https:\/\/www.kurimai.cz\/author\/#Person","name":"","url":"https:\/\/www.kurimai.cz\/author\/","identifier":1,"image":{"@type":"ImageObject","@id":"https:\/\/secure.gravatar.com\/avatar\/93f351f97d5e20a41105810347d62b8b573eebe9313df1f71432877ed17f5f1a?s=96&d=mm&r=g","url":"https:\/\/secure.gravatar.com\/avatar\/93f351f97d5e20a41105810347d62b8b573eebe9313df1f71432877ed17f5f1a?s=96&d=mm&r=g","height":96,"width":96}},"publisher":{"@type":"Organization","name":"kurimai.cz","logo":{"@type":"ImageObject","@id":"\/logo.png","url":"\/logo.png","width":600,"height":60}},"image":{"@type":"ImageObject","@id":"https:\/\/www.kurimai.cz\/wp-content\/uploads\/img_a308714_w2201_t1519813847.png","url":"https:\/\/www.kurimai.cz\/wp-content\/uploads\/img_a308714_w2201_t1519813847.png","height":0,"width":0},"wordCount":557,"keywords":null},{"@type":"Article","@id":"https:\/\/www.kurimai.cz\/nabizime-krasne-a-stylove-garnyze\/","headline":"Nab\u00edz\u00edme kr\u00e1sn\u00e9 a stylov\u00e9 garn\u00fd\u017ee","url":"https:\/\/www.kurimai.cz\/nabizime-krasne-a-stylove-garnyze\/","datePublished":"2025-04-23","dateModified":"2025-04-23","mainEntityOfPage":"https:\/\/www.kurimai.cz\/nabizime-krasne-a-stylove-garnyze\/","author":{"@type":"Person","@id":"https:\/\/www.kurimai.cz\/author\/#Person","name":"","url":"https:\/\/www.kurimai.cz\/author\/","identifier":1,"image":{"@type":"ImageObject","@id":"https:\/\/secure.gravatar.com\/avatar\/93f351f97d5e20a41105810347d62b8b573eebe9313df1f71432877ed17f5f1a?s=96&d=mm&r=g","url":"https:\/\/secure.gravatar.com\/avatar\/93f351f97d5e20a41105810347d62b8b573eebe9313df1f71432877ed17f5f1a?s=96&d=mm&r=g","height":96,"width":96}},"publisher":{"@type":"Organization","name":"kurimai.cz","logo":{"@type":"ImageObject","@id":"\/logo.png","url":"\/logo.png","width":600,"height":60}},"image":null,"wordCount":234,"keywords":null},{"@type":"Article","@id":"https:\/\/www.kurimai.cz\/zapomente-na-starosti-s-detmi\/","headline":"Zapome\u0148te na starosti s\u00a0d\u011btmi!","url":"https:\/\/www.kurimai.cz\/zapomente-na-starosti-s-detmi\/","datePublished":"2025-04-18","dateModified":"2025-04-18","mainEntityOfPage":"https:\/\/www.kurimai.cz\/zapomente-na-starosti-s-detmi\/","author":{"@type":"Person","@id":"https:\/\/www.kurimai.cz\/author\/#Person","name":"","url":"https:\/\/www.kurimai.cz\/author\/","identifier":1,"image":{"@type":"ImageObject","@id":"https:\/\/secure.gravatar.com\/avatar\/93f351f97d5e20a41105810347d62b8b573eebe9313df1f71432877ed17f5f1a?s=96&d=mm&r=g","url":"https:\/\/secure.gravatar.com\/avatar\/93f351f97d5e20a41105810347d62b8b573eebe9313df1f71432877ed17f5f1a?s=96&d=mm&r=g","height":96,"width":96}},"publisher":{"@type":"Organization","name":"kurimai.cz","logo":{"@type":"ImageObject","@id":"\/logo.png","url":"\/logo.png","width":600,"height":60}},"image":null,"wordCount":235,"keywords":null},{"@type":"Article","@id":"https:\/\/www.kurimai.cz\/vyhody-domu-na-klic\/","headline":"V\u00fdhody dom\u016f na kl\u00ed\u010d","url":"https:\/\/www.kurimai.cz\/vyhody-domu-na-klic\/","datePublished":"2025-04-10","dateModified":"2025-04-10","mainEntityOfPage":"https:\/\/www.kurimai.cz\/vyhody-domu-na-klic\/","author":{"@type":"Person","@id":"https:\/\/www.kurimai.cz\/author\/#Person","name":"","url":"https:\/\/www.kurimai.cz\/author\/","identifier":1,"image":{"@type":"ImageObject","@id":"https:\/\/secure.gravatar.com\/avatar\/93f351f97d5e20a41105810347d62b8b573eebe9313df1f71432877ed17f5f1a?s=96&d=mm&r=g","url":"https:\/\/secure.gravatar.com\/avatar\/93f351f97d5e20a41105810347d62b8b573eebe9313df1f71432877ed17f5f1a?s=96&d=mm&r=g","height":96,"width":96}},"publisher":{"@type":"Organization","name":"kurimai.cz","logo":{"@type":"ImageObject","@id":"\/logo.png","url":"\/logo.png","width":600,"height":60}},"image":{"@type":"ImageObject","@id":"https:\/\/www.kurimai.cz\/wp-content\/uploads\/manuel-figueroa-9SJ4xwcimhM-unsplash.jpg","url":"https:\/\/www.kurimai.cz\/wp-content\/uploads\/manuel-figueroa-9SJ4xwcimhM-unsplash.jpg","height":0,"width":0},"wordCount":564,"keywords":null},{"@type":"Article","@id":"https:\/\/www.kurimai.cz\/perfektni-koupe\/","headline":"Perfektn\u00ed koup\u011b","url":"https:\/\/www.kurimai.cz\/perfektni-koupe\/","datePublished":"2025-04-09","dateModified":"2025-04-09","mainEntityOfPage":"https:\/\/www.kurimai.cz\/perfektni-koupe\/","author":{"@type":"Person","@id":"https:\/\/www.kurimai.cz\/author\/#Person","name":"","url":"https:\/\/www.kurimai.cz\/author\/","identifier":1,"image":{"@type":"ImageObject","@id":"https:\/\/secure.gravatar.com\/avatar\/93f351f97d5e20a41105810347d62b8b573eebe9313df1f71432877ed17f5f1a?s=96&d=mm&r=g","url":"https:\/\/secure.gravatar.com\/avatar\/93f351f97d5e20a41105810347d62b8b573eebe9313df1f71432877ed17f5f1a?s=96&d=mm&r=g","height":96,"width":96}},"publisher":{"@type":"Organization","name":"kurimai.cz","logo":{"@type":"ImageObject","@id":"\/logo.png","url":"\/logo.png","width":600,"height":60}},"image":null,"wordCount":256,"keywords":null},{"@type":"Article","@id":"https:\/\/www.kurimai.cz\/objednavat-kvalitni-stresni-okna-muzete-i-v-nasem-e-shopu\/","headline":"Objedn\u00e1vat kvalitn\u00ed st\u0159e\u0161n\u00ed okna m\u016f\u017eete i v\u00a0na\u0161em e-shopu","url":"https:\/\/www.kurimai.cz\/objednavat-kvalitni-stresni-okna-muzete-i-v-nasem-e-shopu\/","datePublished":"2025-03-31","dateModified":"2025-03-31","mainEntityOfPage":"https:\/\/www.kurimai.cz\/objednavat-kvalitni-stresni-okna-muzete-i-v-nasem-e-shopu\/","author":{"@type":"Person","@id":"https:\/\/www.kurimai.cz\/author\/#Person","name":"","url":"https:\/\/www.kurimai.cz\/author\/","identifier":1,"image":{"@type":"ImageObject","@id":"https:\/\/secure.gravatar.com\/avatar\/93f351f97d5e20a41105810347d62b8b573eebe9313df1f71432877ed17f5f1a?s=96&d=mm&r=g","url":"https:\/\/secure.gravatar.com\/avatar\/93f351f97d5e20a41105810347d62b8b573eebe9313df1f71432877ed17f5f1a?s=96&d=mm&r=g","height":96,"width":96}},"publisher":{"@type":"Organization","name":"kurimai.cz","logo":{"@type":"ImageObject","@id":"\/logo.png","url":"\/logo.png","width":600,"height":60}},"image":null,"wordCount":207,"keywords":null},{"@type":"Article","@id":"https:\/\/www.kurimai.cz\/napousti-se-vam-drez-sam\/","headline":"Napou\u0161t\u00ed se V\u00e1m d\u0159ez s\u00e1m?","url":"https:\/\/www.kurimai.cz\/napousti-se-vam-drez-sam\/","datePublished":"2025-03-25","dateModified":"2025-03-25","mainEntityOfPage":"https:\/\/www.kurimai.cz\/napousti-se-vam-drez-sam\/","author":{"@type":"Person","@id":"https:\/\/www.kurimai.cz\/author\/#Person","name":"","url":"https:\/\/www.kurimai.cz\/author\/","identifier":1,"image":{"@type":"ImageObject","@id":"https:\/\/secure.gravatar.com\/avatar\/93f351f97d5e20a41105810347d62b8b573eebe9313df1f71432877ed17f5f1a?s=96&d=mm&r=g","url":"https:\/\/secure.gravatar.com\/avatar\/93f351f97d5e20a41105810347d62b8b573eebe9313df1f71432877ed17f5f1a?s=96&d=mm&r=g","height":96,"width":96}},"publisher":{"@type":"Organization","name":"kurimai.cz","logo":{"@type":"ImageObject","@id":"\/logo.png","url":"\/logo.png","width":600,"height":60}},"image":null,"wordCount":253,"keywords":null},{"@type":"Article","@id":"https:\/\/www.kurimai.cz\/nadherny-design\/","headline":"N\u00e1dhern\u00fd design","url":"https:\/\/www.kurimai.cz\/nadherny-design\/","datePublished":"2025-03-16","dateModified":"2025-03-16","mainEntityOfPage":"https:\/\/www.kurimai.cz\/nadherny-design\/","author":{"@type":"Person","@id":"https:\/\/www.kurimai.cz\/author\/#Person","name":"","url":"https:\/\/www.kurimai.cz\/author\/","identifier":1,"image":{"@type":"ImageObject","@id":"https:\/\/secure.gravatar.com\/avatar\/93f351f97d5e20a41105810347d62b8b573eebe9313df1f71432877ed17f5f1a?s=96&d=mm&r=g","url":"https:\/\/secure.gravatar.com\/avatar\/93f351f97d5e20a41105810347d62b8b573eebe9313df1f71432877ed17f5f1a?s=96&d=mm&r=g","height":96,"width":96}},"publisher":{"@type":"Organization","name":"kurimai.cz","logo":{"@type":"ImageObject","@id":"\/logo.png","url":"\/logo.png","width":600,"height":60}},"image":null,"wordCount":208,"keywords":null},{"@type":"Article","@id":"https:\/\/www.kurimai.cz\/sedaci-souprava-nejenom-do-vaseho-obyvaciho-pokoje\/","headline":"Sedac\u00ed souprava nejenom do Va\u0161eho ob\u00fdvac\u00edho pokoje","url":"https:\/\/www.kurimai.cz\/sedaci-souprava-nejenom-do-vaseho-obyvaciho-pokoje\/","datePublished":"2025-03-07","dateModified":"2025-03-07","mainEntityOfPage":"https:\/\/www.kurimai.cz\/sedaci-souprava-nejenom-do-vaseho-obyvaciho-pokoje\/","author":{"@type":"Person","@id":"https:\/\/www.kurimai.cz\/author\/#Person","name":"","url":"https:\/\/www.kurimai.cz\/author\/","identifier":1,"image":{"@type":"ImageObject","@id":"https:\/\/secure.gravatar.com\/avatar\/93f351f97d5e20a41105810347d62b8b573eebe9313df1f71432877ed17f5f1a?s=96&d=mm&r=g","url":"https:\/\/secure.gravatar.com\/avatar\/93f351f97d5e20a41105810347d62b8b573eebe9313df1f71432877ed17f5f1a?s=96&d=mm&r=g","height":96,"width":96}},"publisher":{"@type":"Organization","name":"kurimai.cz","logo":{"@type":"ImageObject","@id":"\/logo.png","url":"\/logo.png","width":600,"height":60}},"image":null,"wordCount":226,"keywords":null}]},{"@context":"https:\/\/schema.org","@type":"WebSite","@id":"https:\/\/www.kurimai.cz\/#website","name":"Kurimai","url":"https:\/\/www.kurimai.cz","potentialAction":{"@type":"SearchAction","target":"https:\/\/www.kurimai.cz\/?s={search_term_string}","query-input":"required name=search_term_string"}}]