[{"@context":"https:\/\/schema.org\/","@type":"Article","@id":"https:\/\/www.kurimai.cz\/zapomente-na-starosti-s-detmi\/#Article","mainEntityOfPage":"https:\/\/www.kurimai.cz\/zapomente-na-starosti-s-detmi\/","headline":"Zapome\u0148te na starosti s\u00a0d\u011btmi!","name":"Zapome\u0148te na starosti s\u00a0d\u011btmi!","description":"P\u0159ije\u010fte na dovolenou do Jesen\u00edk\u016f. P\u0159iv\u00edt\u00e1 v\u00e1s sporthotel Kurzovn\u00ed v n\u00e1rodn\u00ed p\u0159\u00edrodn\u00ed rezervaci Prad\u011bd v chr\u00e1n\u011bn\u00e9 krajinn\u00e9 oblasti Jesen\u00edky. Ocitnete se uprost\u0159ed t\u00e9m\u011b\u0159 neporu\u0161en\u00e9 p\u0159\u00edrody, kterou stoj\u00ed zato vid\u011bt. Ta v\u00e1s bude vyb\u00edzet k proch\u00e1zk\u00e1ch po okol\u00ed. V p\u0159\u00edpad\u011b va\u0161eho z\u00e1jmu m\u016f\u017eete nav\u0161t\u00edvit i \u0159adu m\u00edst v okol\u00ed, kter\u00e1 stoj\u00ed zato vid\u011bt. Ubytov\u00e1n\u00ed Jesen\u00edky jsou [&hellip;]","datePublished":"2025-04-18","dateModified":"2025-04-18","author":{"@type":"Person","@id":"https:\/\/www.kurimai.cz\/author\/#Person","name":"","url":"https:\/\/www.kurimai.cz\/author\/","identifier":1,"image":{"@type":"ImageObject","@id":"https:\/\/secure.gravatar.com\/avatar\/93f351f97d5e20a41105810347d62b8b573eebe9313df1f71432877ed17f5f1a?s=96&d=mm&r=g","url":"https:\/\/secure.gravatar.com\/avatar\/93f351f97d5e20a41105810347d62b8b573eebe9313df1f71432877ed17f5f1a?s=96&d=mm&r=g","height":96,"width":96}},"publisher":{"@type":"Organization","name":"kurimai.cz","logo":{"@type":"ImageObject","@id":"\/logo.png","url":"\/logo.png","width":600,"height":60}},"url":"https:\/\/www.kurimai.cz\/zapomente-na-starosti-s-detmi\/","wordCount":194,"articleBody":"P\u0159ije\u010fte na dovolenou do Jesen\u00edk\u016f. P\u0159iv\u00edt\u00e1 v\u00e1s sporthotel Kurzovn\u00ed v n\u00e1rodn\u00ed p\u0159\u00edrodn\u00ed rezervaci Prad\u011bd v chr\u00e1n\u011bn\u00e9 krajinn\u00e9 oblasti Jesen\u00edky. Ocitnete se uprost\u0159ed t\u00e9m\u011b\u0159 neporu\u0161en\u00e9 p\u0159\u00edrody, kterou stoj\u00ed zato vid\u011bt. Ta v\u00e1s bude vyb\u00edzet k proch\u00e1zk\u00e1ch po okol\u00ed. V p\u0159\u00edpad\u011b va\u0161eho z\u00e1jmu m\u016f\u017eete nav\u0161t\u00edvit i \u0159adu m\u00edst v okol\u00ed, kter\u00e1 stoj\u00ed zato vid\u011bt. Ubytov\u00e1n\u00ed Jesen\u00edky jsou tu jen pro v\u00e1s.L\u00e1kaj\u00ed v\u00e1s hory? Tak p\u0159ije\u010fte do Jesen\u00edk\u016f. Jesen\u00edky nejsou dosud p\u0159ecp\u00e1ny turisty jak je tomu nap\u0159\u00edklad v Krkono\u0161\u00edch. Je tady v\u011bt\u0161\u00ed klid. D\u00fdch\u00e1me zde \u010dist\u00fd vzduch, proto je pobyt u n\u00e1s obzvl\u00e1\u0161\u0165 vhodn\u00fd pro astmatiky a lidi s obdobn\u00fdmi zdravotn\u00edmi probl\u00e9my. Sporthotel Kurzovn\u00ed na v\u00e1s \u010dek\u00e1. M\u00e1me p\u0159\u00edjemn\u00fd, vst\u0159\u00edcn\u00fd a pln\u011b profesion\u00e1ln\u00ed person\u00e1l. Ubytov\u00e1n\u00ed Jesen\u00edky v\u00e1s nezklame.Ubytov\u00e1n\u00edJe v jedno a\u017e p\u011btil\u016f\u017ekov\u00fdch pokoj\u00edch a apartm\u00e1. Ubytov\u00e1n\u00ed Jesen\u00edky stoj\u00ed zato.                                                                                                                                                                                                                                                                                                                                                                                                "},{"@context":"https:\/\/schema.org\/","@type":"BreadcrumbList","itemListElement":[{"@type":"ListItem","position":1,"name":"Zapome\u0148te na starosti s\u00a0d\u011btmi!","item":"https:\/\/www.kurimai.cz\/zapomente-na-starosti-s-detmi\/#breadcrumbitem"}]}]